{"id":598,"date":"2025-10-04T12:05:49","date_gmt":"2025-10-04T09:05:49","guid":{"rendered":"https:\/\/arkoolitus.ee\/test2\/?p=598"},"modified":"2025-12-20T18:20:32","modified_gmt":"2025-12-20T15:20:32","slug":"helkur","status":"publish","type":"post","link":"https:\/\/arkoolitus.ee\/test2\/helkur\/","title":{"rendered":"Helkur"},"content":{"rendered":"\n<div class=\"wp-block-media-text has-media-on-the-right is-stacked-on-mobile\" style=\"grid-template-columns:auto 23%\"><div class=\"wp-block-media-text__content\">\n<p><strong>On teda vaja v\u00f5i mitte ?<\/strong><\/p>\n<\/div><figure class=\"wp-block-media-text__media\"><img loading=\"lazy\" decoding=\"async\" width=\"292\" height=\"319\" src=\"https:\/\/arkoolitus.ee\/test2\/wp-content\/uploads\/2024\/12\/79398_44937_muovi_heijastin_hardcover_reflectors_plastik_helkurid.jpg\" alt=\"\" class=\"wp-image-599 size-full\" srcset=\"https:\/\/arkoolitus.ee\/test2\/wp-content\/uploads\/2024\/12\/79398_44937_muovi_heijastin_hardcover_reflectors_plastik_helkurid.jpg 292w, https:\/\/arkoolitus.ee\/test2\/wp-content\/uploads\/2024\/12\/79398_44937_muovi_heijastin_hardcover_reflectors_plastik_helkurid-275x300.jpg 275w\" sizes=\"auto, (max-width: 292px) 100vw, 292px\" \/><\/figure><\/div>\n\n\n\n<p>Esimeste h\u00e4marate \u00f5htutega s\u00fcgisel on n\u00e4ha, kuidas inimesed jaotuvad kahte leeri. <\/p>\n\n\n\n<p>Need, kes leiavad, et enda n\u00e4htavaks tegemine on nende endi heaks, mitte teiste (juhtide ) jaoks. <br>Ja siis see teine seltskond, kes parema meelega seda vidinat enda k\u00fclge \u00fcldse ei riputaks. <br>Ma liigun ju ainult autost poodi ja tagasi v\u00f5i ainult linnas, kus on hea t\u00e4navavalgustus jne.<\/p>\n\n\n\n<p>P\u00f5hjendusi leiab miljon miks mitte kanda! Kuid \u00fcks enda elutahe v\u00f5i elus p\u00fcsimine v\u00f5iks ju olulisem olla!<\/p>\n\n\n\n<p>Kuid kas sind on ikka iga ilmaga tegelikult linnas n\u00e4ha? Istu kasv\u00f5i korra esiistmele autos ja tee \u00fcks tiir linnas - vaata mitut jalak\u00e4iat sa n\u00e4ed 100m pealt ja mitut alles auto nina ees? Suure osa ajast m\u00e4ngib juhi jaoks rolli jalak\u00e4ia taust ja jalak\u00e4ia riietus. Kui need kaks asja kokku langevad siis oleks juhila vaja \u00f6\u00f6kulli silmi v\u00f5i infrapuna kaamerat vms.<\/p>\n\n\n\n<p>Palju on helkuri kohta igal pool olnud reklaami ja juttu, et kui palju ta aitab autojuhti aga mina pigem \u00fctleks: see on asi mida pole juhil vaja, vaid SINUL endal. Kui sina oled Tont teel v\u00f5i parklas siis KUMB ROHKEM KANNATAB KAS AUTO V\u00d5I JALAK\u00c4IA (<strong>ka parklas jalutav juht on jalak\u00e4ia<\/strong>)?<\/p>\n\n\n\n<p>P\u00e4ris hirmus on \u00f5htuti autoga liigelda nii linnades kui ka maanteedel. <\/p>\n\n\n\n<p>Mina kui autojuht kannan juba s\u00fcgisest 99% ajast helkurit kui mitte kahte ! Minule on minu elu veel v\u00e4ga oluline. See 1% on \u00fcldjuhul selline olukord, kus helkur on otsustanud jope k\u00fcljes just lahkuda. Siis \u00fcldjuhul sean sammud poodi uue j\u00e4rele v\u00f5i tuppa riiulilt j\u00e4rgmist v\u00f5tma...<\/p>\n\n\n\n<p><\/p>\n","protected":false},"excerpt":{"rendered":"<p>On teda vaja v\u00f5i mitte ? Esimeste h\u00e4marate \u00f5htutega s\u00fcgisel on n\u00e4ha, kuidas inimesed jaotuvad kahte leeri. Need, kes leiavad, et enda n\u00e4htavaks tegemine on nende endi heaks, mitte teiste (juhtide ) jaoks. Ja siis see teine seltskond, kes parema meelega seda vidinat enda k\u00fclge \u00fcldse ei riputaks. Ma liigun ju ainult autost poodi ja [&hellip;]<\/p>\n","protected":false},"author":1,"featured_media":599,"comment_status":"closed","ping_status":"closed","sticky":false,"template":"","format":"standard","meta":{"_lightning_design_setting":{"layout":"default"},"footnotes":""},"categories":[1],"tags":[29],"class_list":["post-598","post","type-post","status-publish","format-standard","has-post-thumbnail","hentry","category-rakvere","tag-transpordiamet-eksam-riiklik-soidueksam-autokool-arkoolitus-b-kat"],"_links":{"self":[{"href":"https:\/\/arkoolitus.ee\/test2\/wp-json\/wp\/v2\/posts\/598","targetHints":{"allow":["GET"]}}],"collection":[{"href":"https:\/\/arkoolitus.ee\/test2\/wp-json\/wp\/v2\/posts"}],"about":[{"href":"https:\/\/arkoolitus.ee\/test2\/wp-json\/wp\/v2\/types\/post"}],"author":[{"embeddable":true,"href":"https:\/\/arkoolitus.ee\/test2\/wp-json\/wp\/v2\/users\/1"}],"replies":[{"embeddable":true,"href":"https:\/\/arkoolitus.ee\/test2\/wp-json\/wp\/v2\/comments?post=598"}],"version-history":[{"count":7,"href":"https:\/\/arkoolitus.ee\/test2\/wp-json\/wp\/v2\/posts\/598\/revisions"}],"predecessor-version":[{"id":1118,"href":"https:\/\/arkoolitus.ee\/test2\/wp-json\/wp\/v2\/posts\/598\/revisions\/1118"}],"wp:featuredmedia":[{"embeddable":true,"href":"https:\/\/arkoolitus.ee\/test2\/wp-json\/wp\/v2\/media\/599"}],"wp:attachment":[{"href":"https:\/\/arkoolitus.ee\/test2\/wp-json\/wp\/v2\/media?parent=598"}],"wp:term":[{"taxonomy":"category","embeddable":true,"href":"https:\/\/arkoolitus.ee\/test2\/wp-json\/wp\/v2\/categories?post=598"},{"taxonomy":"post_tag","embeddable":true,"href":"https:\/\/arkoolitus.ee\/test2\/wp-json\/wp\/v2\/tags?post=598"}],"curies":[{"name":"wp","href":"https:\/\/api.w.org\/{rel}","templated":true}]}}